{"id":289,"date":"2018-11-06T19:45:51","date_gmt":"2018-11-06T18:45:51","guid":{"rendered":"https:\/\/karingraf.com\/travel\/?p=289"},"modified":"2022-06-17T19:46:17","modified_gmt":"2022-06-17T17:46:17","slug":"gerolsteiner-dolomiten-acht","status":"publish","type":"post","link":"https:\/\/karingraf.com\/travel\/2018\/11\/06\/gerolsteiner-dolomiten-acht\/","title":{"rendered":"Gerolsteiner Dolomiten Acht"},"content":{"rendered":"\n<p>Ein paar sonnige Novembertage sind vorausgesagt&#8230; das ruft nach einer Herbstwanderung! Wir entscheiden uns einmal mehr f\u00fcr die Vulkaneifel und fahren Richtung Gerolstein. Zu Hause sind wir bei 14\u00b0 losgefahren, je n\u00e4her wir dem Ziel kommen, desto weiter sinkt das Thermometer ab, bis es bei rund 5\u00b0 stehen bleibt&#8230; das k\u00f6nnte frisch werden, nur mit Hemd!<br>Immerhin verspricht es anscheinend, tats\u00e4chlich ein sonniger Tag zu werden und wir machen uns vom Parkplatz am Bahnhof auf in Richtung der Dolomit-Felsen, die \u00fcber die Stadt ragen&#8230;<\/p>\n\n\n\n<figure class=\"wp-block-image size-full\"><a href=\"https:\/\/karingraf.com\/travel\/wp-content\/uploads\/2022\/06\/1_4682.jpg\"><img loading=\"lazy\" decoding=\"async\" width=\"1024\" height=\"575\" src=\"https:\/\/karingraf.com\/travel\/wp-content\/uploads\/2022\/06\/1_4682.jpg\" alt=\"\" class=\"wp-image-290\" srcset=\"https:\/\/karingraf.com\/travel\/wp-content\/uploads\/2022\/06\/1_4682.jpg 1024w, https:\/\/karingraf.com\/travel\/wp-content\/uploads\/2022\/06\/1_4682-300x168.jpg 300w, https:\/\/karingraf.com\/travel\/wp-content\/uploads\/2022\/06\/1_4682-768x431.jpg 768w\" sizes=\"auto, (max-width: 1024px) 100vw, 1024px\" \/><\/a><\/figure>\n\n\n\n<p>Bald haben wir die H\u00e4user hinter uns gelassen und k\u00f6nnen auf die Stadt herunterschauen, wo die Sonne den letzten Herbstnebel vertreibt&#8230;<\/p>\n\n\n\n<figure class=\"wp-block-image size-full\"><a href=\"https:\/\/karingraf.com\/travel\/wp-content\/uploads\/2022\/06\/2_185.jpg\"><img loading=\"lazy\" decoding=\"async\" width=\"1024\" height=\"575\" src=\"https:\/\/karingraf.com\/travel\/wp-content\/uploads\/2022\/06\/2_185.jpg\" alt=\"\" class=\"wp-image-291\" srcset=\"https:\/\/karingraf.com\/travel\/wp-content\/uploads\/2022\/06\/2_185.jpg 1024w, https:\/\/karingraf.com\/travel\/wp-content\/uploads\/2022\/06\/2_185-300x168.jpg 300w, https:\/\/karingraf.com\/travel\/wp-content\/uploads\/2022\/06\/2_185-768x431.jpg 768w\" sizes=\"auto, (max-width: 1024px) 100vw, 1024px\" \/><\/a><\/figure>\n\n\n\n<p>Die Munterley ist die erste Station, von der man einen sch\u00f6nen Blick auf diesen Teil der Vulkaneifel hat und auf einer Schautafel die gesamte Wanderstrecke in Form einer Acht sehen kann.<\/p>\n\n\n\n<figure class=\"wp-block-image size-full\"><a href=\"https:\/\/karingraf.com\/travel\/wp-content\/uploads\/2022\/06\/3_4691.jpg\"><img loading=\"lazy\" decoding=\"async\" width=\"1024\" height=\"575\" src=\"https:\/\/karingraf.com\/travel\/wp-content\/uploads\/2022\/06\/3_4691.jpg\" alt=\"\" class=\"wp-image-292\" srcset=\"https:\/\/karingraf.com\/travel\/wp-content\/uploads\/2022\/06\/3_4691.jpg 1024w, https:\/\/karingraf.com\/travel\/wp-content\/uploads\/2022\/06\/3_4691-300x168.jpg 300w, https:\/\/karingraf.com\/travel\/wp-content\/uploads\/2022\/06\/3_4691-768x431.jpg 768w\" sizes=\"auto, (max-width: 1024px) 100vw, 1024px\" \/><\/a><\/figure>\n\n\n\n<figure class=\"wp-block-image size-full\"><a href=\"https:\/\/karingraf.com\/travel\/wp-content\/uploads\/2022\/06\/4_191.jpg\"><img loading=\"lazy\" decoding=\"async\" width=\"1024\" height=\"768\" src=\"https:\/\/karingraf.com\/travel\/wp-content\/uploads\/2022\/06\/4_191.jpg\" alt=\"\" class=\"wp-image-293\" srcset=\"https:\/\/karingraf.com\/travel\/wp-content\/uploads\/2022\/06\/4_191.jpg 1024w, https:\/\/karingraf.com\/travel\/wp-content\/uploads\/2022\/06\/4_191-300x225.jpg 300w, https:\/\/karingraf.com\/travel\/wp-content\/uploads\/2022\/06\/4_191-768x576.jpg 768w\" sizes=\"auto, (max-width: 1024px) 100vw, 1024px\" \/><\/a><\/figure>\n\n\n\n<figure class=\"wp-block-image size-full\"><a href=\"https:\/\/karingraf.com\/travel\/wp-content\/uploads\/2022\/06\/5_193.jpg\"><img loading=\"lazy\" decoding=\"async\" width=\"1024\" height=\"575\" src=\"https:\/\/karingraf.com\/travel\/wp-content\/uploads\/2022\/06\/5_193.jpg\" alt=\"\" class=\"wp-image-294\" srcset=\"https:\/\/karingraf.com\/travel\/wp-content\/uploads\/2022\/06\/5_193.jpg 1024w, https:\/\/karingraf.com\/travel\/wp-content\/uploads\/2022\/06\/5_193-300x168.jpg 300w, https:\/\/karingraf.com\/travel\/wp-content\/uploads\/2022\/06\/5_193-768x431.jpg 768w\" sizes=\"auto, (max-width: 1024px) 100vw, 1024px\" \/><\/a><\/figure>\n\n\n\n<p>Das n\u00e4chste Ziel ist die Buchenlochh\u00f6hle&#8230;<\/p>\n\n\n\n<figure class=\"wp-block-image size-full\"><img loading=\"lazy\" decoding=\"async\" width=\"575\" height=\"1024\" src=\"https:\/\/karingraf.com\/travel\/wp-content\/uploads\/2022\/06\/6_4704.jpg\" alt=\"\" class=\"wp-image-295\" srcset=\"https:\/\/karingraf.com\/travel\/wp-content\/uploads\/2022\/06\/6_4704.jpg 575w, https:\/\/karingraf.com\/travel\/wp-content\/uploads\/2022\/06\/6_4704-168x300.jpg 168w\" sizes=\"auto, (max-width: 575px) 100vw, 575px\" \/><\/figure>\n\n\n\n<p>&#8230;die man wohl selten im Jahr so f\u00fcr sich alleine hat.<\/p>\n\n\n\n<figure class=\"wp-block-image size-full\"><img loading=\"lazy\" decoding=\"async\" width=\"575\" height=\"1024\" src=\"https:\/\/karingraf.com\/travel\/wp-content\/uploads\/2022\/06\/7_4705.jpg\" alt=\"\" class=\"wp-image-296\" srcset=\"https:\/\/karingraf.com\/travel\/wp-content\/uploads\/2022\/06\/7_4705.jpg 575w, https:\/\/karingraf.com\/travel\/wp-content\/uploads\/2022\/06\/7_4705-168x300.jpg 168w\" sizes=\"auto, (max-width: 575px) 100vw, 575px\" \/><\/figure>\n\n\n\n<figure class=\"wp-block-image size-full\"><a href=\"https:\/\/karingraf.com\/travel\/wp-content\/uploads\/2022\/06\/8_205.jpg\"><img loading=\"lazy\" decoding=\"async\" width=\"1024\" height=\"575\" src=\"https:\/\/karingraf.com\/travel\/wp-content\/uploads\/2022\/06\/8_205.jpg\" alt=\"\" class=\"wp-image-297\" srcset=\"https:\/\/karingraf.com\/travel\/wp-content\/uploads\/2022\/06\/8_205.jpg 1024w, https:\/\/karingraf.com\/travel\/wp-content\/uploads\/2022\/06\/8_205-300x168.jpg 300w, https:\/\/karingraf.com\/travel\/wp-content\/uploads\/2022\/06\/8_205-768x431.jpg 768w\" sizes=\"auto, (max-width: 1024px) 100vw, 1024px\" \/><\/a><\/figure>\n\n\n\n<figure class=\"wp-block-image size-full\"><a href=\"https:\/\/karingraf.com\/travel\/wp-content\/uploads\/2022\/06\/9_212.jpg\"><img loading=\"lazy\" decoding=\"async\" width=\"1024\" height=\"575\" src=\"https:\/\/karingraf.com\/travel\/wp-content\/uploads\/2022\/06\/9_212.jpg\" alt=\"\" class=\"wp-image-298\" srcset=\"https:\/\/karingraf.com\/travel\/wp-content\/uploads\/2022\/06\/9_212.jpg 1024w, https:\/\/karingraf.com\/travel\/wp-content\/uploads\/2022\/06\/9_212-300x168.jpg 300w, https:\/\/karingraf.com\/travel\/wp-content\/uploads\/2022\/06\/9_212-768x431.jpg 768w\" sizes=\"auto, (max-width: 1024px) 100vw, 1024px\" \/><\/a><\/figure>\n\n\n\n<p>Weiter geht es durch abwechslungsreiche Landschaft, sowohl vermooste Felsen&#8230;<\/p>\n\n\n\n<figure class=\"wp-block-image size-full\"><a href=\"https:\/\/karingraf.com\/travel\/wp-content\/uploads\/2022\/06\/10_221.jpg\"><img loading=\"lazy\" decoding=\"async\" width=\"1024\" height=\"575\" src=\"https:\/\/karingraf.com\/travel\/wp-content\/uploads\/2022\/06\/10_221.jpg\" alt=\"\" class=\"wp-image-299\" srcset=\"https:\/\/karingraf.com\/travel\/wp-content\/uploads\/2022\/06\/10_221.jpg 1024w, https:\/\/karingraf.com\/travel\/wp-content\/uploads\/2022\/06\/10_221-300x168.jpg 300w, https:\/\/karingraf.com\/travel\/wp-content\/uploads\/2022\/06\/10_221-768x431.jpg 768w\" sizes=\"auto, (max-width: 1024px) 100vw, 1024px\" \/><\/a><\/figure>\n\n\n\n<p>&#8230;als auch sonnige Wiesen mit sch\u00f6nem Fernblick, auch wenn immer noch \u00fcber allem ein leichter Dunstschleier liegt (immerhin hat das Thermometer mittlerweile die 10\u00b0 Marke \u00fcberschritten).<\/p>\n\n\n\n<figure class=\"wp-block-image size-full\"><a href=\"https:\/\/karingraf.com\/travel\/wp-content\/uploads\/2022\/06\/11_223.jpg\"><img loading=\"lazy\" decoding=\"async\" width=\"1024\" height=\"575\" src=\"https:\/\/karingraf.com\/travel\/wp-content\/uploads\/2022\/06\/11_223.jpg\" alt=\"\" class=\"wp-image-300\" srcset=\"https:\/\/karingraf.com\/travel\/wp-content\/uploads\/2022\/06\/11_223.jpg 1024w, https:\/\/karingraf.com\/travel\/wp-content\/uploads\/2022\/06\/11_223-300x168.jpg 300w, https:\/\/karingraf.com\/travel\/wp-content\/uploads\/2022\/06\/11_223-768x431.jpg 768w\" sizes=\"auto, (max-width: 1024px) 100vw, 1024px\" \/><\/a><\/figure>\n\n\n\n<p>Das Herbstlicht zaubert goldene Buchenw\u00e4lder, noch hat es wohl nicht ausreichend Frost gegeben, um alles zu entlauben.<\/p>\n\n\n\n<figure class=\"wp-block-image size-full\"><img loading=\"lazy\" decoding=\"async\" width=\"575\" height=\"1024\" src=\"https:\/\/karingraf.com\/travel\/wp-content\/uploads\/2022\/06\/12_229.jpg\" alt=\"\" class=\"wp-image-301\" srcset=\"https:\/\/karingraf.com\/travel\/wp-content\/uploads\/2022\/06\/12_229.jpg 575w, https:\/\/karingraf.com\/travel\/wp-content\/uploads\/2022\/06\/12_229-168x300.jpg 168w\" sizes=\"auto, (max-width: 575px) 100vw, 575px\" \/><\/figure>\n\n\n\n<p>An der Hustley l\u00e4dt eine H\u00fctte zur Rast ein, wir nehmen f\u00fcrs Fr\u00fchst\u00fcck aber &#8222;drau\u00dfen&#8220;&#8230; (ohne K\u00e4nnchen).<\/p>\n\n\n\n<figure class=\"wp-block-image size-full\"><a href=\"https:\/\/karingraf.com\/travel\/wp-content\/uploads\/2022\/06\/13_227.jpg\"><img loading=\"lazy\" decoding=\"async\" width=\"1024\" height=\"575\" src=\"https:\/\/karingraf.com\/travel\/wp-content\/uploads\/2022\/06\/13_227.jpg\" alt=\"\" class=\"wp-image-302\" srcset=\"https:\/\/karingraf.com\/travel\/wp-content\/uploads\/2022\/06\/13_227.jpg 1024w, https:\/\/karingraf.com\/travel\/wp-content\/uploads\/2022\/06\/13_227-300x168.jpg 300w, https:\/\/karingraf.com\/travel\/wp-content\/uploads\/2022\/06\/13_227-768x431.jpg 768w\" sizes=\"auto, (max-width: 1024px) 100vw, 1024px\" \/><\/a><\/figure>\n\n\n\n<figure class=\"wp-block-image size-full\"><img loading=\"lazy\" decoding=\"async\" width=\"768\" height=\"1025\" src=\"https:\/\/karingraf.com\/travel\/wp-content\/uploads\/2022\/06\/14_4724.jpg\" alt=\"\" class=\"wp-image-303\" srcset=\"https:\/\/karingraf.com\/travel\/wp-content\/uploads\/2022\/06\/14_4724.jpg 768w, https:\/\/karingraf.com\/travel\/wp-content\/uploads\/2022\/06\/14_4724-225x300.jpg 225w\" sizes=\"auto, (max-width: 768px) 100vw, 768px\" \/><\/figure>\n\n\n\n<p>Ein paar Kilometer weiter erreicht man den Aussichtspunkt Dietzenley, wo es sowohl einen h\u00f6lzernen Aussichtsturm&#8230;<\/p>\n\n\n\n<figure class=\"wp-block-image size-full\"><img loading=\"lazy\" decoding=\"async\" width=\"717\" height=\"1024\" src=\"https:\/\/karingraf.com\/travel\/wp-content\/uploads\/2022\/06\/15_240.jpg\" alt=\"\" class=\"wp-image-304\" srcset=\"https:\/\/karingraf.com\/travel\/wp-content\/uploads\/2022\/06\/15_240.jpg 717w, https:\/\/karingraf.com\/travel\/wp-content\/uploads\/2022\/06\/15_240-210x300.jpg 210w\" sizes=\"auto, (max-width: 717px) 100vw, 717px\" \/><\/figure>\n\n\n\n<p>&#8230;als auch ein darunter liegendes Areal gibt, das mit Gel\u00e4nder gegen zu starken Touristenschwund gesichert ist.<\/p>\n\n\n\n<figure class=\"wp-block-image size-full\"><img loading=\"lazy\" decoding=\"async\" width=\"768\" height=\"1024\" src=\"https:\/\/karingraf.com\/travel\/wp-content\/uploads\/2022\/06\/16_4739.jpg\" alt=\"\" class=\"wp-image-305\" srcset=\"https:\/\/karingraf.com\/travel\/wp-content\/uploads\/2022\/06\/16_4739.jpg 768w, https:\/\/karingraf.com\/travel\/wp-content\/uploads\/2022\/06\/16_4739-225x300.jpg 225w\" sizes=\"auto, (max-width: 768px) 100vw, 768px\" \/><\/figure>\n\n\n\n<figure class=\"wp-block-image size-full\"><a href=\"https:\/\/karingraf.com\/travel\/wp-content\/uploads\/2022\/06\/17_237.jpg\"><img loading=\"lazy\" decoding=\"async\" width=\"1024\" height=\"575\" src=\"https:\/\/karingraf.com\/travel\/wp-content\/uploads\/2022\/06\/17_237.jpg\" alt=\"\" class=\"wp-image-306\" srcset=\"https:\/\/karingraf.com\/travel\/wp-content\/uploads\/2022\/06\/17_237.jpg 1024w, https:\/\/karingraf.com\/travel\/wp-content\/uploads\/2022\/06\/17_237-300x168.jpg 300w, https:\/\/karingraf.com\/travel\/wp-content\/uploads\/2022\/06\/17_237-768x431.jpg 768w\" sizes=\"auto, (max-width: 1024px) 100vw, 1024px\" \/><\/a><\/figure>\n\n\n\n<p>Nach rund viereinhalb Stunden kehren wir auf zum Teil schmalen Waldpfaden wieder nach Gerolstein zur\u00fcck und besuchen noch kurz die Ruine der L\u00f6wenburg&#8230;<\/p>\n\n\n\n<figure class=\"wp-block-image size-full\"><a href=\"https:\/\/karingraf.com\/travel\/wp-content\/uploads\/2022\/06\/18_4746.jpg\"><img loading=\"lazy\" decoding=\"async\" width=\"1024\" height=\"575\" src=\"https:\/\/karingraf.com\/travel\/wp-content\/uploads\/2022\/06\/18_4746.jpg\" alt=\"\" class=\"wp-image-307\" srcset=\"https:\/\/karingraf.com\/travel\/wp-content\/uploads\/2022\/06\/18_4746.jpg 1024w, https:\/\/karingraf.com\/travel\/wp-content\/uploads\/2022\/06\/18_4746-300x168.jpg 300w, https:\/\/karingraf.com\/travel\/wp-content\/uploads\/2022\/06\/18_4746-768x431.jpg 768w\" sizes=\"auto, (max-width: 1024px) 100vw, 1024px\" \/><\/a><\/figure>\n\n\n\n<p>&#8230;bevor wir zum vorgezogenen Abendessen ganz in die Stadt absteigen, w\u00e4hrend man im Hintergrund die Dolomitfelsen sieht, die das erste Ziel der Tour gebildet hatten.<\/p>\n\n\n\n<figure class=\"wp-block-image size-full\"><img loading=\"lazy\" decoding=\"async\" width=\"575\" height=\"1024\" src=\"https:\/\/karingraf.com\/travel\/wp-content\/uploads\/2022\/06\/19_4748.jpg\" alt=\"\" class=\"wp-image-308\" srcset=\"https:\/\/karingraf.com\/travel\/wp-content\/uploads\/2022\/06\/19_4748.jpg 575w, https:\/\/karingraf.com\/travel\/wp-content\/uploads\/2022\/06\/19_4748-168x300.jpg 168w\" sizes=\"auto, (max-width: 575px) 100vw, 575px\" \/><\/figure>\n","protected":false},"excerpt":{"rendered":"<p>Ein paar sonnige Novembertage sind vorausgesagt&#8230; das ruft nach einer Herbstwanderung! Wir entscheiden uns einmal mehr f\u00fcr die Vulkaneifel und fahren Richtung Gerolstein. Zu Hause sind wir bei 14\u00b0 losgefahren, je n\u00e4her wir dem Ziel kommen, desto weiter sinkt das &hellip; <a href=\"https:\/\/karingraf.com\/travel\/2018\/11\/06\/gerolsteiner-dolomiten-acht\/\">Weiterlesen <span class=\"meta-nav\">&rarr;<\/span><\/a><\/p>\n","protected":false},"author":1,"featured_media":0,"comment_status":"open","ping_status":"open","sticky":false,"template":"","format":"standard","meta":{"footnotes":""},"categories":[1],"tags":[],"class_list":["post-289","post","type-post","status-publish","format-standard","hentry","category-uncategorized"],"_links":{"self":[{"href":"https:\/\/karingraf.com\/travel\/wp-json\/wp\/v2\/posts\/289","targetHints":{"allow":["GET"]}}],"collection":[{"href":"https:\/\/karingraf.com\/travel\/wp-json\/wp\/v2\/posts"}],"about":[{"href":"https:\/\/karingraf.com\/travel\/wp-json\/wp\/v2\/types\/post"}],"author":[{"embeddable":true,"href":"https:\/\/karingraf.com\/travel\/wp-json\/wp\/v2\/users\/1"}],"replies":[{"embeddable":true,"href":"https:\/\/karingraf.com\/travel\/wp-json\/wp\/v2\/comments?post=289"}],"version-history":[{"count":1,"href":"https:\/\/karingraf.com\/travel\/wp-json\/wp\/v2\/posts\/289\/revisions"}],"predecessor-version":[{"id":309,"href":"https:\/\/karingraf.com\/travel\/wp-json\/wp\/v2\/posts\/289\/revisions\/309"}],"wp:attachment":[{"href":"https:\/\/karingraf.com\/travel\/wp-json\/wp\/v2\/media?parent=289"}],"wp:term":[{"taxonomy":"category","embeddable":true,"href":"https:\/\/karingraf.com\/travel\/wp-json\/wp\/v2\/categories?post=289"},{"taxonomy":"post_tag","embeddable":true,"href":"https:\/\/karingraf.com\/travel\/wp-json\/wp\/v2\/tags?post=289"}],"curies":[{"name":"wp","href":"https:\/\/api.w.org\/{rel}","templated":true}]}}