{"id":378,"date":"2018-09-20T12:34:36","date_gmt":"2018-09-20T10:34:36","guid":{"rendered":"https:\/\/karingraf.com\/travel\/?p=378"},"modified":"2022-06-25T12:34:53","modified_gmt":"2022-06-25T10:34:53","slug":"grafschaft-pfad-lieserpfad-eifelsteig-bei-manderscheid","status":"publish","type":"post","link":"https:\/\/karingraf.com\/travel\/2018\/09\/20\/grafschaft-pfad-lieserpfad-eifelsteig-bei-manderscheid\/","title":{"rendered":"Grafschaft-Pfad &#8211; Lieserpfad &#8211; Eifelsteig bei Manderscheid"},"content":{"rendered":"\n<p>Der vielleicht vorerst letzte Sp\u00e4tsommertag ist vorausgesagt und wir fahren ein St\u00fcck weiter als sonst bis Manderscheid, wo man direkt unter der Burg parken kann und von wo man nach etwa 1,5km auf einem sch\u00f6nen Rundweg landet.<\/p>\n\n\n\n<figure class=\"wp-block-image size-full\"><a href=\"https:\/\/karingraf.com\/travel\/wp-content\/uploads\/2022\/06\/4414.jpg\"><img loading=\"lazy\" decoding=\"async\" width=\"1024\" height=\"575\" src=\"https:\/\/karingraf.com\/travel\/wp-content\/uploads\/2022\/06\/4414.jpg\" alt=\"\" class=\"wp-image-379\" srcset=\"https:\/\/karingraf.com\/travel\/wp-content\/uploads\/2022\/06\/4414.jpg 1024w, https:\/\/karingraf.com\/travel\/wp-content\/uploads\/2022\/06\/4414-300x168.jpg 300w, https:\/\/karingraf.com\/travel\/wp-content\/uploads\/2022\/06\/4414-768x431.jpg 768w\" sizes=\"auto, (max-width: 1024px) 100vw, 1024px\" \/><\/a><\/figure>\n\n\n\n<p>Anfangs noch verh\u00e4ltnism\u00e4\u00dfig unspektakul\u00e4r, verlaufen Grafschaft-Pfad, Lieserpfad und Eifelsteig nach einiger Zeit gemeinsam&#8230;<\/p>\n\n\n\n<figure class=\"wp-block-image size-full\"><img loading=\"lazy\" decoding=\"async\" width=\"665\" height=\"1024\" src=\"https:\/\/karingraf.com\/travel\/wp-content\/uploads\/2022\/06\/0078.jpg\" alt=\"\" class=\"wp-image-380\" srcset=\"https:\/\/karingraf.com\/travel\/wp-content\/uploads\/2022\/06\/0078.jpg 665w, https:\/\/karingraf.com\/travel\/wp-content\/uploads\/2022\/06\/0078-195x300.jpg 195w\" sizes=\"auto, (max-width: 665px) 100vw, 665px\" \/><\/figure>\n\n\n\n<figure class=\"wp-block-image size-full\"><img loading=\"lazy\" decoding=\"async\" width=\"743\" height=\"1024\" src=\"https:\/\/karingraf.com\/travel\/wp-content\/uploads\/2022\/06\/0080.jpg\" alt=\"\" class=\"wp-image-381\" srcset=\"https:\/\/karingraf.com\/travel\/wp-content\/uploads\/2022\/06\/0080.jpg 743w, https:\/\/karingraf.com\/travel\/wp-content\/uploads\/2022\/06\/0080-218x300.jpg 218w\" sizes=\"auto, (max-width: 743px) 100vw, 743px\" \/><\/figure>\n\n\n\n<p>Trotz der extremen Trockenheit dieses Sommers scheint es zumindest in dieser Ecke noch gen\u00fcgend Feuchtigkeit f\u00fcr das Moos gegeben zu haben.<\/p>\n\n\n\n<figure class=\"wp-block-image size-full\"><a href=\"https:\/\/karingraf.com\/travel\/wp-content\/uploads\/2022\/06\/4445.jpg\"><img loading=\"lazy\" decoding=\"async\" width=\"1024\" height=\"575\" src=\"https:\/\/karingraf.com\/travel\/wp-content\/uploads\/2022\/06\/4445.jpg\" alt=\"\" class=\"wp-image-382\" srcset=\"https:\/\/karingraf.com\/travel\/wp-content\/uploads\/2022\/06\/4445.jpg 1024w, https:\/\/karingraf.com\/travel\/wp-content\/uploads\/2022\/06\/4445-300x168.jpg 300w, https:\/\/karingraf.com\/travel\/wp-content\/uploads\/2022\/06\/4445-768x431.jpg 768w\" sizes=\"auto, (max-width: 1024px) 100vw, 1024px\" \/><\/a><\/figure>\n\n\n\n<p>Unterwegs gibt es einige Blockh\u00fctten, die als Schutz f\u00fcr Wanderer gedacht sind, wenn das Wetter mal nicht so sonnig ist wie heute.<\/p>\n\n\n\n<figure class=\"wp-block-image size-full\"><a href=\"https:\/\/karingraf.com\/travel\/wp-content\/uploads\/2022\/06\/0085.jpg\"><img loading=\"lazy\" decoding=\"async\" width=\"1024\" height=\"576\" src=\"https:\/\/karingraf.com\/travel\/wp-content\/uploads\/2022\/06\/0085.jpg\" alt=\"\" class=\"wp-image-383\" srcset=\"https:\/\/karingraf.com\/travel\/wp-content\/uploads\/2022\/06\/0085.jpg 1024w, https:\/\/karingraf.com\/travel\/wp-content\/uploads\/2022\/06\/0085-300x169.jpg 300w, https:\/\/karingraf.com\/travel\/wp-content\/uploads\/2022\/06\/0085-768x432.jpg 768w\" sizes=\"auto, (max-width: 1024px) 100vw, 1024px\" \/><\/a><\/figure>\n\n\n\n<p>Von einer der H\u00fctten kann man direkt auf den Burggraben schauen, der aus einem stillgelegten Arm der Lieser entstanden ist&#8230;<\/p>\n\n\n\n<figure class=\"wp-block-image size-full\"><a href=\"https:\/\/karingraf.com\/travel\/wp-content\/uploads\/2022\/06\/4452.jpg\"><img loading=\"lazy\" decoding=\"async\" width=\"1024\" height=\"575\" src=\"https:\/\/karingraf.com\/travel\/wp-content\/uploads\/2022\/06\/4452.jpg\" alt=\"\" class=\"wp-image-384\" srcset=\"https:\/\/karingraf.com\/travel\/wp-content\/uploads\/2022\/06\/4452.jpg 1024w, https:\/\/karingraf.com\/travel\/wp-content\/uploads\/2022\/06\/4452-300x168.jpg 300w, https:\/\/karingraf.com\/travel\/wp-content\/uploads\/2022\/06\/4452-768x431.jpg 768w\" sizes=\"auto, (max-width: 1024px) 100vw, 1024px\" \/><\/a><\/figure>\n\n\n\n<p>Herbstlicht<\/p>\n\n\n\n<figure class=\"wp-block-image size-full\"><img loading=\"lazy\" decoding=\"async\" width=\"576\" height=\"1024\" src=\"https:\/\/karingraf.com\/travel\/wp-content\/uploads\/2022\/06\/0090.jpg\" alt=\"\" class=\"wp-image-385\" srcset=\"https:\/\/karingraf.com\/travel\/wp-content\/uploads\/2022\/06\/0090.jpg 576w, https:\/\/karingraf.com\/travel\/wp-content\/uploads\/2022\/06\/0090-169x300.jpg 169w\" sizes=\"auto, (max-width: 576px) 100vw, 576px\" \/><\/figure>\n\n\n\n<figure class=\"wp-block-image size-full\"><img loading=\"lazy\" decoding=\"async\" width=\"576\" height=\"1024\" src=\"https:\/\/karingraf.com\/travel\/wp-content\/uploads\/2022\/06\/0094.jpg\" alt=\"\" class=\"wp-image-386\" srcset=\"https:\/\/karingraf.com\/travel\/wp-content\/uploads\/2022\/06\/0094.jpg 576w, https:\/\/karingraf.com\/travel\/wp-content\/uploads\/2022\/06\/0094-169x300.jpg 169w\" sizes=\"auto, (max-width: 576px) 100vw, 576px\" \/><\/figure>\n","protected":false},"excerpt":{"rendered":"<p>Der vielleicht vorerst letzte Sp\u00e4tsommertag ist vorausgesagt und wir fahren ein St\u00fcck weiter als sonst bis Manderscheid, wo man direkt unter der Burg parken kann und von wo man nach etwa 1,5km auf einem sch\u00f6nen Rundweg landet. Anfangs noch verh\u00e4ltnism\u00e4\u00dfig &hellip; <a href=\"https:\/\/karingraf.com\/travel\/2018\/09\/20\/grafschaft-pfad-lieserpfad-eifelsteig-bei-manderscheid\/\">Weiterlesen <span class=\"meta-nav\">&rarr;<\/span><\/a><\/p>\n","protected":false},"author":1,"featured_media":0,"comment_status":"open","ping_status":"open","sticky":false,"template":"","format":"standard","meta":{"footnotes":""},"categories":[1],"tags":[],"class_list":["post-378","post","type-post","status-publish","format-standard","hentry","category-uncategorized"],"_links":{"self":[{"href":"https:\/\/karingraf.com\/travel\/wp-json\/wp\/v2\/posts\/378","targetHints":{"allow":["GET"]}}],"collection":[{"href":"https:\/\/karingraf.com\/travel\/wp-json\/wp\/v2\/posts"}],"about":[{"href":"https:\/\/karingraf.com\/travel\/wp-json\/wp\/v2\/types\/post"}],"author":[{"embeddable":true,"href":"https:\/\/karingraf.com\/travel\/wp-json\/wp\/v2\/users\/1"}],"replies":[{"embeddable":true,"href":"https:\/\/karingraf.com\/travel\/wp-json\/wp\/v2\/comments?post=378"}],"version-history":[{"count":1,"href":"https:\/\/karingraf.com\/travel\/wp-json\/wp\/v2\/posts\/378\/revisions"}],"predecessor-version":[{"id":387,"href":"https:\/\/karingraf.com\/travel\/wp-json\/wp\/v2\/posts\/378\/revisions\/387"}],"wp:attachment":[{"href":"https:\/\/karingraf.com\/travel\/wp-json\/wp\/v2\/media?parent=378"}],"wp:term":[{"taxonomy":"category","embeddable":true,"href":"https:\/\/karingraf.com\/travel\/wp-json\/wp\/v2\/categories?post=378"},{"taxonomy":"post_tag","embeddable":true,"href":"https:\/\/karingraf.com\/travel\/wp-json\/wp\/v2\/tags?post=378"}],"curies":[{"name":"wp","href":"https:\/\/api.w.org\/{rel}","templated":true}]}}