{"id":799,"date":"2017-03-23T17:50:55","date_gmt":"2017-03-23T16:50:55","guid":{"rendered":"https:\/\/karingraf.com\/travel\/?p=799"},"modified":"2022-08-01T17:51:44","modified_gmt":"2022-08-01T15:51:44","slug":"fruehlingswanderung-durchs-siebengebirge","status":"publish","type":"post","link":"https:\/\/karingraf.com\/travel\/2017\/03\/23\/fruehlingswanderung-durchs-siebengebirge\/","title":{"rendered":"Fr\u00fchlingswanderung durchs Siebengebirge"},"content":{"rendered":"\n<p>Ein sonniger Tag kurz nach dem Fr\u00fchlingsanfang l\u00e4dt zu einer ersten Wanderung ein, wir entschlie\u00dfen uns f\u00fcrs Siebengebirge. Vom Parkplatz an der Margarethenh\u00f6he in K\u00f6nigswinter-Ittendorf geht es zun\u00e4chst hinauf zum gro\u00dfen \u00d6lberg&#8230;<\/p>\n\n\n\n<figure class=\"wp-block-image size-full\"><img loading=\"lazy\" decoding=\"async\" width=\"480\" height=\"640\" src=\"https:\/\/karingraf.com\/travel\/wp-content\/uploads\/2022\/08\/2693.jpg\" alt=\"\" class=\"wp-image-800\" srcset=\"https:\/\/karingraf.com\/travel\/wp-content\/uploads\/2022\/08\/2693.jpg 480w, https:\/\/karingraf.com\/travel\/wp-content\/uploads\/2022\/08\/2693-225x300.jpg 225w\" sizes=\"auto, (max-width: 480px) 100vw, 480px\" \/><\/figure>\n\n\n\n<p>&#8230;dessen Lokal aber noch geschlossen ist. Von hier aus geht es durch eine sch\u00f6ne Waldstrecke weiter&#8230;<\/p>\n\n\n\n<figure class=\"wp-block-image size-full\"><a href=\"https:\/\/karingraf.com\/travel\/wp-content\/uploads\/2022\/08\/2694.jpg\"><img loading=\"lazy\" decoding=\"async\" width=\"1024\" height=\"575\" src=\"https:\/\/karingraf.com\/travel\/wp-content\/uploads\/2022\/08\/2694.jpg\" alt=\"\" class=\"wp-image-801\" srcset=\"https:\/\/karingraf.com\/travel\/wp-content\/uploads\/2022\/08\/2694.jpg 1024w, https:\/\/karingraf.com\/travel\/wp-content\/uploads\/2022\/08\/2694-300x168.jpg 300w, https:\/\/karingraf.com\/travel\/wp-content\/uploads\/2022\/08\/2694-768x431.jpg 768w\" sizes=\"auto, (max-width: 1024px) 100vw, 1024px\" \/><\/a><\/figure>\n\n\n\n<p>&#8230;die gelegentlich nicht unanstrengend ist.<\/p>\n\n\n\n<figure class=\"wp-block-image size-full\"><img loading=\"lazy\" decoding=\"async\" width=\"480\" height=\"640\" src=\"https:\/\/karingraf.com\/travel\/wp-content\/uploads\/2022\/08\/2697.jpg\" alt=\"\" class=\"wp-image-802\" srcset=\"https:\/\/karingraf.com\/travel\/wp-content\/uploads\/2022\/08\/2697.jpg 480w, https:\/\/karingraf.com\/travel\/wp-content\/uploads\/2022\/08\/2697-225x300.jpg 225w\" sizes=\"auto, (max-width: 480px) 100vw, 480px\" \/><\/figure>\n\n\n\n<p>Das flach einfallende Fr\u00fchjahrslicht l\u00e4\u00dft das Moos auf den Steinen besonders plastisch erscheinen&#8230;<\/p>\n\n\n\n<figure class=\"wp-block-image size-large\"><a href=\"https:\/\/karingraf.com\/travel\/wp-content\/uploads\/2022\/08\/882.jpg\"><img loading=\"lazy\" decoding=\"async\" width=\"1024\" height=\"575\" src=\"https:\/\/karingraf.com\/travel\/wp-content\/uploads\/2022\/08\/882-1024x575.jpg\" alt=\"\" class=\"wp-image-803\" srcset=\"https:\/\/karingraf.com\/travel\/wp-content\/uploads\/2022\/08\/882-1024x575.jpg 1024w, https:\/\/karingraf.com\/travel\/wp-content\/uploads\/2022\/08\/882-300x169.jpg 300w, https:\/\/karingraf.com\/travel\/wp-content\/uploads\/2022\/08\/882-768x431.jpg 768w, https:\/\/karingraf.com\/travel\/wp-content\/uploads\/2022\/08\/882.jpg 1280w\" sizes=\"auto, (max-width: 1024px) 100vw, 1024px\" \/><\/a><\/figure>\n\n\n\n<p>Nach einer Rast mit Kaffee und Kuchen am Milchh\u00e4uschen geht es deutlich m\u00fchsamer weiter, wegen der versprochenen Aussicht zun\u00e4chst zur Dr.-Eduard-von-Gartzen H\u00fctte, die aus einem runden Holzdach auf Steins\u00e4ulen besteht.<\/p>\n\n\n\n<figure class=\"wp-block-image size-full\"><a href=\"https:\/\/karingraf.com\/travel\/wp-content\/uploads\/2022\/08\/2701.jpg\"><img loading=\"lazy\" decoding=\"async\" width=\"1024\" height=\"575\" src=\"https:\/\/karingraf.com\/travel\/wp-content\/uploads\/2022\/08\/2701.jpg\" alt=\"\" class=\"wp-image-804\" srcset=\"https:\/\/karingraf.com\/travel\/wp-content\/uploads\/2022\/08\/2701.jpg 1024w, https:\/\/karingraf.com\/travel\/wp-content\/uploads\/2022\/08\/2701-300x168.jpg 300w, https:\/\/karingraf.com\/travel\/wp-content\/uploads\/2022\/08\/2701-768x431.jpg 768w\" sizes=\"auto, (max-width: 1024px) 100vw, 1024px\" \/><\/a><\/figure>\n\n\n\n<p>Der erste Ausblick auf das Rheintal ist schon grandios, genau gegen\u00fcber liegt der Drachenfels&#8230;<\/p>\n\n\n\n<figure class=\"wp-block-image size-full\"><a href=\"https:\/\/karingraf.com\/travel\/wp-content\/uploads\/2022\/08\/887.jpg\"><img loading=\"lazy\" decoding=\"async\" width=\"1024\" height=\"576\" src=\"https:\/\/karingraf.com\/travel\/wp-content\/uploads\/2022\/08\/887.jpg\" alt=\"\" class=\"wp-image-805\" srcset=\"https:\/\/karingraf.com\/travel\/wp-content\/uploads\/2022\/08\/887.jpg 1024w, https:\/\/karingraf.com\/travel\/wp-content\/uploads\/2022\/08\/887-300x169.jpg 300w, https:\/\/karingraf.com\/travel\/wp-content\/uploads\/2022\/08\/887-768x432.jpg 768w\" sizes=\"auto, (max-width: 1024px) 100vw, 1024px\" \/><\/a><\/figure>\n\n\n\n<p>Von hier aus ist es nicht weit zum n\u00e4chsten der sieben namensgebenden Berge, dem Schallenberg, wo wieder eine Pause f\u00e4llig ist&#8230; der Michkaffee mit dem Kuchen war doch schon etwas \u00fcppig&#8230;<\/p>\n\n\n\n<figure class=\"wp-block-image size-full\"><a href=\"https:\/\/karingraf.com\/travel\/wp-content\/uploads\/2022\/08\/891.jpg\"><img loading=\"lazy\" decoding=\"async\" width=\"640\" height=\"360\" src=\"https:\/\/karingraf.com\/travel\/wp-content\/uploads\/2022\/08\/891.jpg\" alt=\"\" class=\"wp-image-806\" srcset=\"https:\/\/karingraf.com\/travel\/wp-content\/uploads\/2022\/08\/891.jpg 640w, https:\/\/karingraf.com\/travel\/wp-content\/uploads\/2022\/08\/891-300x169.jpg 300w\" sizes=\"auto, (max-width: 640px) 100vw, 640px\" \/><\/a><\/figure>\n\n\n\n<p>Das Kreuz markiert nicht den letzten abgest\u00fcrzten Besucher, sondern ist das Gipfelkreuz vom Schallenberg.<\/p>\n\n\n\n<figure class=\"wp-block-image size-full\"><a href=\"https:\/\/karingraf.com\/travel\/wp-content\/uploads\/2022\/08\/894.jpg\"><img loading=\"lazy\" decoding=\"async\" width=\"1024\" height=\"576\" src=\"https:\/\/karingraf.com\/travel\/wp-content\/uploads\/2022\/08\/894.jpg\" alt=\"\" class=\"wp-image-807\" srcset=\"https:\/\/karingraf.com\/travel\/wp-content\/uploads\/2022\/08\/894.jpg 1024w, https:\/\/karingraf.com\/travel\/wp-content\/uploads\/2022\/08\/894-300x169.jpg 300w, https:\/\/karingraf.com\/travel\/wp-content\/uploads\/2022\/08\/894-768x432.jpg 768w\" sizes=\"auto, (max-width: 1024px) 100vw, 1024px\" \/><\/a><\/figure>\n\n\n\n<p>Jetzt geht es ein kurzes St\u00fcck auf dem Rheinsteig weiter bis zum Geisberg, ebenfalls mit tollem Blick \u00fcber das Rheintal<\/p>\n\n\n\n<figure class=\"wp-block-image size-full\"><a href=\"https:\/\/karingraf.com\/travel\/wp-content\/uploads\/2022\/08\/899.jpg\"><img loading=\"lazy\" decoding=\"async\" width=\"640\" height=\"360\" src=\"https:\/\/karingraf.com\/travel\/wp-content\/uploads\/2022\/08\/899.jpg\" alt=\"\" class=\"wp-image-808\" srcset=\"https:\/\/karingraf.com\/travel\/wp-content\/uploads\/2022\/08\/899.jpg 640w, https:\/\/karingraf.com\/travel\/wp-content\/uploads\/2022\/08\/899-300x169.jpg 300w\" sizes=\"auto, (max-width: 640px) 100vw, 640px\" \/><\/a><\/figure>\n\n\n\n<p>Wahrscheinlich empfindet man den Blick deshalb als so au\u00dfergew\u00f6hnlich, weil das Siebengebirge nicht direkt am Rhein liegt, sondern sozusagen &#8218;in zweiter Reihe&#8216;. Von Drachenfels oder Rolandsbogen aus schaut man direkt auf den Rhein hinunter und sieht deshalb nur ein kleines St\u00fcck. Hier hat man aber den richtigen Betrachtungsabstand f\u00fcr den Gesamt\u00fcberblick.<br>Nach einem letzten Schlenker \u00fcber den Geisberg f\u00fchrt der Weg dann zur letzten Station: dem Erpelntalskopf, wo man diesen Blick hat:<\/p>\n\n\n\n<figure class=\"wp-block-image size-large\"><a href=\"https:\/\/karingraf.com\/travel\/wp-content\/uploads\/2022\/08\/2714.jpg\"><img loading=\"lazy\" decoding=\"async\" width=\"1024\" height=\"575\" src=\"https:\/\/karingraf.com\/travel\/wp-content\/uploads\/2022\/08\/2714-1024x575.jpg\" alt=\"\" class=\"wp-image-809\" srcset=\"https:\/\/karingraf.com\/travel\/wp-content\/uploads\/2022\/08\/2714-1024x575.jpg 1024w, https:\/\/karingraf.com\/travel\/wp-content\/uploads\/2022\/08\/2714-300x169.jpg 300w, https:\/\/karingraf.com\/travel\/wp-content\/uploads\/2022\/08\/2714-768x431.jpg 768w, https:\/\/karingraf.com\/travel\/wp-content\/uploads\/2022\/08\/2714.jpg 1280w\" sizes=\"auto, (max-width: 1024px) 100vw, 1024px\" \/><\/a><\/figure>\n\n\n\n<p>Danach geht es wieder hinunter zum Parkplatz&#8230; eine sch\u00f6ne Wanderung bei traumhaftem Wetter, die wir allerdings nicht ohne GPS gefunden h\u00e4tten, da sie gr\u00f6\u00dftenteils abseits der ausgeschilderten Pfade verl\u00e4uft.<\/p>\n\n\n\n<figure class=\"wp-block-image size-full\"><a href=\"https:\/\/karingraf.com\/travel\/wp-content\/uploads\/2022\/08\/2717.jpg\"><img loading=\"lazy\" decoding=\"async\" width=\"640\" height=\"480\" src=\"https:\/\/karingraf.com\/travel\/wp-content\/uploads\/2022\/08\/2717.jpg\" alt=\"\" class=\"wp-image-810\" srcset=\"https:\/\/karingraf.com\/travel\/wp-content\/uploads\/2022\/08\/2717.jpg 640w, https:\/\/karingraf.com\/travel\/wp-content\/uploads\/2022\/08\/2717-300x225.jpg 300w\" sizes=\"auto, (max-width: 640px) 100vw, 640px\" \/><\/a><\/figure>\n","protected":false},"excerpt":{"rendered":"<p>Ein sonniger Tag kurz nach dem Fr\u00fchlingsanfang l\u00e4dt zu einer ersten Wanderung ein, wir entschlie\u00dfen uns f\u00fcrs Siebengebirge. Vom Parkplatz an der Margarethenh\u00f6he in K\u00f6nigswinter-Ittendorf geht es zun\u00e4chst hinauf zum gro\u00dfen \u00d6lberg&#8230; &#8230;dessen Lokal aber noch geschlossen ist. Von hier &hellip; <a href=\"https:\/\/karingraf.com\/travel\/2017\/03\/23\/fruehlingswanderung-durchs-siebengebirge\/\">Weiterlesen <span class=\"meta-nav\">&rarr;<\/span><\/a><\/p>\n","protected":false},"author":1,"featured_media":0,"comment_status":"open","ping_status":"open","sticky":false,"template":"","format":"standard","meta":{"footnotes":""},"categories":[1],"tags":[],"class_list":["post-799","post","type-post","status-publish","format-standard","hentry","category-uncategorized"],"_links":{"self":[{"href":"https:\/\/karingraf.com\/travel\/wp-json\/wp\/v2\/posts\/799","targetHints":{"allow":["GET"]}}],"collection":[{"href":"https:\/\/karingraf.com\/travel\/wp-json\/wp\/v2\/posts"}],"about":[{"href":"https:\/\/karingraf.com\/travel\/wp-json\/wp\/v2\/types\/post"}],"author":[{"embeddable":true,"href":"https:\/\/karingraf.com\/travel\/wp-json\/wp\/v2\/users\/1"}],"replies":[{"embeddable":true,"href":"https:\/\/karingraf.com\/travel\/wp-json\/wp\/v2\/comments?post=799"}],"version-history":[{"count":1,"href":"https:\/\/karingraf.com\/travel\/wp-json\/wp\/v2\/posts\/799\/revisions"}],"predecessor-version":[{"id":811,"href":"https:\/\/karingraf.com\/travel\/wp-json\/wp\/v2\/posts\/799\/revisions\/811"}],"wp:attachment":[{"href":"https:\/\/karingraf.com\/travel\/wp-json\/wp\/v2\/media?parent=799"}],"wp:term":[{"taxonomy":"category","embeddable":true,"href":"https:\/\/karingraf.com\/travel\/wp-json\/wp\/v2\/categories?post=799"},{"taxonomy":"post_tag","embeddable":true,"href":"https:\/\/karingraf.com\/travel\/wp-json\/wp\/v2\/tags?post=799"}],"curies":[{"name":"wp","href":"https:\/\/api.w.org\/{rel}","templated":true}]}}